{"id":4377,"date":"2025-05-09T07:37:08","date_gmt":"2025-05-09T05:37:08","guid":{"rendered":"https:\/\/schlamann.com\/?p=4377"},"modified":"2025-05-09T07:40:37","modified_gmt":"2025-05-09T05:40:37","slug":"women-photographers-cologne-1890-today","status":"publish","type":"post","link":"https:\/\/schlamann.com\/en\/aktuelles\/women-photographers-cologne-1890-today\/","title":{"rendered":"Women Photographers Cologne 1890 &#8211; today"},"content":{"rendered":"\n<p><em>The history of photography in Cologne has already been extensively researched and published. Within the photographed history of the city, women photographers are also of great importance. However, this focus has never been examined in more detail. The exhibition Women Photographers Cologne 1890 &#8211; today is the first to focus on the important role that female photographers have played and continue to play. <\/em><em>As part of the exhibition project, around 50 well-known but also unknown female photographers who were and are active in Cologne are presented.<\/em><\/p>\n\n\n\n<p><em>The fact that women are not the sole focus of this exhibition is reflected in the 50th anniversary of the International Women&#8217;s Year(s), which will be celebrated in 2025. Many things were first celebrated 50 years ago: the UN General Assembly proclaimed 1975 the International Year of Women, the United Nations held a celebration on International Women&#8217;s Day on March 8 (and the first UN World Conference on Women was held in Mexico City.<\/em><br><em>The curators: Dr. Adelheid Komenda, Bernhard Peters and Wolfgang Vollmer<\/em><br>.<\/p>\n\n\n\n<h2 class=\"wp-block-heading\"><strong>VERNISSAGE<\/strong><\/h2>\n\n\n\n<p><strong>saturday, 10.05.2025<\/strong> from 5 pm<br><strong>KunstWerk Cologne<\/strong><br>deutz-m\u00fclheimer strasse 115, 51063 cologne<\/p>\n\n\n\n<p>opening hours:&nbsp; wed &#8211; so 3 &#8211; 6 pm<\/p>\n\n\n\n<p>exhibition duration: 10.05. &#8211; 1.06.2025<br>exhibition on the international photo scene<\/p>\n\n\n\n<p>.<\/p>\n\n\n\n<p>with: Cl\u00e4rchen Baus &#8211; Christel Becker-Rau &#8211; Ute Behrend &#8211; Anna Blume &#8211; Susanne Br\u00fcgger &#8211; Atelier Elvira &#8211; Bettina Flitner &#8211; Christel Fomm &#8211; Annette Frick &#8211; Brigitte Friedrich &#8211; Doris Frohnapfel &#8211; Elsbeth Gropp &#8211; Bettina Gruber &#8211; Claudia Gr\u00fcnig &#8211; Beate G\u00fctschow &#8211; Ruth Hallensleben &#8211; Candida H\u00f6fer &#8211; Susanne Homann &#8211; Uschi Huber &#8211; Walde Huth &#8211; Astrid Klein &#8211; Barbara Klemm &#8211; Anita Kloten &#8211; Josefine Koenen &#8211; Celia K\u00f6rber-Leupold &#8211; Lotte Laska &#8211; Ruth Lauterbach-Baehnisch &#8211; Bettina Lockemann &#8211; Monika Loh &#8211; Tamara Lorenz &#8211; Lee Miller &#8211; Christa Peters &#8211; Christel Pl\u00f6thner &#8211; Tata Ronkholz &#8211; Inge von der Ropp &#8211; Anja Schlamann &#8211; Johanna Schmitz-Fabri &#8211; Elisabeth Sorge &#8211; Brigitte Stachowski &#8211; Hedwig u. Elisabeth Unverdru\u00df &#8211; Anna Wirtz &#8211; Sabine W\u00fcrich &#8211; Luisa Zanzani<br>.<br>the entire series can be seen here: <a href=\"https:\/\/schlamann.com\/en\/projects\/belowbridges\/\" target=\"_blank\" rel=\"noreferrer noopener\">BelowBridges<\/a><\/p>\n\n\n\n<p>.<\/p>\n\n\n\n<figure class=\"wp-block-image size-large\"><img loading=\"lazy\" decoding=\"async\" width=\"1920\" height=\"1280\" src=\"https:\/\/schlamann.com\/wp-content\/uploads\/2025\/05\/Einladungskarte-Kopie-1920x1280.png\" alt=\"\" class=\"wp-image-4349\" srcset=\"https:\/\/schlamann.com\/wp-content\/uploads\/2025\/05\/Einladungskarte-Kopie-1920x1280.png 1920w, https:\/\/schlamann.com\/wp-content\/uploads\/2025\/05\/Einladungskarte-Kopie-900x600.png 900w, https:\/\/schlamann.com\/wp-content\/uploads\/2025\/05\/Einladungskarte-Kopie-768x512.png 768w, https:\/\/schlamann.com\/wp-content\/uploads\/2025\/05\/Einladungskarte-Kopie-1536x1024.png 1536w, https:\/\/schlamann.com\/wp-content\/uploads\/2025\/05\/Einladungskarte-Kopie-2048x1365.png 2048w, https:\/\/schlamann.com\/wp-content\/uploads\/2025\/05\/Einladungskarte-Kopie-600x400.png 600w\" sizes=\"auto, (max-width: 1920px) 100vw, 1920px\" \/><\/figure>\n","protected":false},"excerpt":{"rendered":"<p>EXHIBITION<\/p>\n<div class=\"more-link-wrapper\"><a class=\"more-link\" href=\"https:\/\/schlamann.com\/en\/aktuelles\/women-photographers-cologne-1890-today\/\">Continue reading<span class=\"screen-reader-text\">Women Photographers Cologne 1890 &#8211; today<\/span><\/a><\/div>\n","protected":false},"author":2,"featured_media":4349,"comment_status":"closed","ping_status":"open","sticky":false,"template":"","format":"standard","meta":{"footnotes":""},"categories":[5,9],"tags":[],"class_list":["post-4377","post","type-post","status-publish","format-standard","has-post-thumbnail","hentry","category-aktuelles","category-news-en","entry"],"_links":{"self":[{"href":"https:\/\/schlamann.com\/en\/wp-json\/wp\/v2\/posts\/4377","targetHints":{"allow":["GET"]}}],"collection":[{"href":"https:\/\/schlamann.com\/en\/wp-json\/wp\/v2\/posts"}],"about":[{"href":"https:\/\/schlamann.com\/en\/wp-json\/wp\/v2\/types\/post"}],"author":[{"embeddable":true,"href":"https:\/\/schlamann.com\/en\/wp-json\/wp\/v2\/users\/2"}],"replies":[{"embeddable":true,"href":"https:\/\/schlamann.com\/en\/wp-json\/wp\/v2\/comments?post=4377"}],"version-history":[{"count":6,"href":"https:\/\/schlamann.com\/en\/wp-json\/wp\/v2\/posts\/4377\/revisions"}],"predecessor-version":[{"id":4383,"href":"https:\/\/schlamann.com\/en\/wp-json\/wp\/v2\/posts\/4377\/revisions\/4383"}],"wp:featuredmedia":[{"embeddable":true,"href":"https:\/\/schlamann.com\/en\/wp-json\/wp\/v2\/media\/4349"}],"wp:attachment":[{"href":"https:\/\/schlamann.com\/en\/wp-json\/wp\/v2\/media?parent=4377"}],"wp:term":[{"taxonomy":"category","embeddable":true,"href":"https:\/\/schlamann.com\/en\/wp-json\/wp\/v2\/categories?post=4377"},{"taxonomy":"post_tag","embeddable":true,"href":"https:\/\/schlamann.com\/en\/wp-json\/wp\/v2\/tags?post=4377"}],"curies":[{"name":"wp","href":"https:\/\/api.w.org\/{rel}","templated":true}]}}